{"id":463,"date":"2022-06-10T00:55:37","date_gmt":"2022-06-10T00:55:37","guid":{"rendered":"https:\/\/ultreia.world\/medjugorje\/?p=463"},"modified":"2022-06-10T01:13:39","modified_gmt":"2022-06-10T01:13:39","slug":"vive-en-la-calle-desde-los-12-anos-nunca-fue-a-la-escuela-y-aprendio-a-leer-solo","status":"publish","type":"post","link":"https:\/\/ultreia.world\/medjugorje\/vive-en-la-calle-desde-los-12-anos-nunca-fue-a-la-escuela-y-aprendio-a-leer-solo\/","title":{"rendered":"Vive en la calle desde los 12 a\u00f1os, nunca fue a la escuela y aprendi\u00f3 a leer solo"},"content":{"rendered":"<p>[vc_row bg_type=\u00bbimage\u00bb bg_image_type=\u00bbparallax\u00bb color_overlay=\u00bbdark\u00bb opacity_overlay=\u00bb20&#8243; padding_top_multiplier=\u00bbcustom\u00bb padding_bottom_multiplier=\u00bbcustom\u00bb padding_top=\u00bb150px\u00bb padding_bottom=\u00bb100px\u00bb][vc_column]<h2 class=\"grve-element grve-title grve-align-center grve-h3\" style=\"margin-bottom: 0px;\"><span><span style=\"color: #ffffff;\">Vive en la calle desde los 12 a\u00f1os, nunca fue a la escuela y aprendi\u00f3 a leer solo: \u201cLos libros me salvan de momentos oscuros\u201d &#8211; LA NACI\u00d3N<\/span><\/span><\/h2>[\/vc_column][\/vc_row][vc_row bg_type=\u00bbcolor\u00bb padding_bottom_multiplier=\u00bb2x\u00bb bg_color=\u00bb#f8f8f8&#8243;][vc_column][vc_column_text css=\u00bb.vc_custom_1654822494583{padding-bottom: 25px !important;}\u00bb]De las primeras noches que pas\u00f3 en la calle le qued\u00f3 la sensaci\u00f3n punzante de miedo y desconcierto. Pero, sobre todo, de ese fr\u00edo h\u00famedo de Buenos Aires calando sus huesos. Era invierno y llov\u00eda. Faltaban pocos d\u00edas para su cumplea\u00f1os, que es el 3 de julio. Baj\u00f3 las escaleras que llevan a la entrada de un subte. Como era tarde, la reja estaba cerrada. Se acomod\u00f3 ah\u00ed como pudo, en el lugar \u201cm\u00e1s calentito\u201d que encontr\u00f3 para dormir en las entra\u00f1as de Once. Ten\u00eda 12 a\u00f1os.<\/p>\n<p>Hoy, a los 50, Sergio sigue viviendo en las calles de la ciudad de Buenos Aires. Lo hizo con idas y vueltas, pero desde hace siete a\u00f1os se encuentra ininterrumpidamente en esa situaci\u00f3n. A veces \u201cpara\u201d por Nu\u00f1ez, otras por Palermo. Cuando las temperaturas de esta \u00e9poca se acercan al 0 grado, se acuerda de esas primeras noches a la intemperie. Ya no es un chico, pero ese miedo, ese desconcierto, siguen ah\u00ed, actuales y presentes.<\/p>\n<p>\u2212\u00bfQu\u00e9 es peor en la calle, el calor sofocante del verano o el fr\u00edo extremo de estos meses?<\/p>\n<p>\u2212Los dos \u2212 responde Sergio. Pero se queda pensando. Dice que el invierno es especialmente duro: el fr\u00edo que se pasa en la calle, asegura, no es el que una persona que vive en una casa siente al salir a trabajar, hacer una compra o pasear al perro. No puede explicarlo. Simplemente, es distinto.[\/vc_column_text]<div class=\"grve-element grve-image grve-align-center\" style=\"margin-bottom: 5px;\">  <div class=\"grve-image-wrapper\"><img loading=\"lazy\" decoding=\"async\" width=\"879\" height=\"586\" src=\"https:\/\/ultreia.world\/medjugorje\/wp-content\/uploads\/2022\/06\/img-nota-1.jpg\" class=\"attachment-full size-full\" alt=\"\" srcset=\"https:\/\/ultreia.world\/medjugorje\/wp-content\/uploads\/2022\/06\/img-nota-1.jpg 879w, https:\/\/ultreia.world\/medjugorje\/wp-content\/uploads\/2022\/06\/img-nota-1-300x200.jpg 300w, https:\/\/ultreia.world\/medjugorje\/wp-content\/uploads\/2022\/06\/img-nota-1-768x512.jpg 768w\" sizes=\"auto, (max-width: 879px) 100vw, 879px\" \/>   <\/div><\/div>[vc_column_text css=\u00bb.vc_custom_1654823062319{padding-bottom: 25px !important;}\u00bb]Sergio vive en situaci\u00f3n de calle y va varias veces por semana a un desayuno organizado por la fundaci\u00f3n Lumen Cor. Ricardo Pristupluk &#8211; LA NACION[\/vc_column_text][vc_column_text css=\u00bb.vc_custom_1654823000487{padding-bottom: 25px !important;}\u00bb]En un relevamiento realizado el pasado abril por el gobierno de la Ciudad, se contabilizaron 2548 personas en las calles porte\u00f1as. De ellas, \u201c1010 se encontraban efectivamente viviendo en esa situaci\u00f3n\u201d, mientras que, seg\u00fan esos datos oficiales, 1538 estaban dentro de la red de los 35 Centros de Inclusi\u00f3n de la Ciudad (los llamados \u201cparadores\u201d, donde se brinda alojamiento, alimentaci\u00f3n, higiene y se ofrece orientaci\u00f3n en el acceso a distintos beneficios y servicios). Sin embargo, esas cifras no est\u00e1n exentas de pol\u00e9mica: las \u00faltimas estimaciones de diferentes organizaciones sociales, de 2019, indicaban que en ese momento eran m\u00e1s de 7000 las mujeres, ni\u00f1as, ni\u00f1os, adolescentes y hombres que se encontraban en esa situaci\u00f3n de vulnerabilidad extrema.<\/p>\n<p>Detr\u00e1s de los n\u00fameros est\u00e1n las historias. Las personas de carne y hueso, como Sergio. Son las 10 de la ma\u00f1ana y est\u00e1 sentado en un banco de cemento en la plaza junto al Jard\u00edn Bot\u00e1nico, sobre la calle Rep\u00fablica \u00c1rabe Siria. Entre termos de un caf\u00e9 que humea en los vasitos de pl\u00e1stico y bolsas de pan, hay un grupo de voluntarios con chalecos de la <strong><a href=\"https:\/\/www.lumencor.org\/\">fundaci\u00f3n Lumen Cor<\/a><\/strong>. La mayor\u00eda de quienes se agrupan entre las mesas bajo un sol que no calienta, son hombres. Charlan entre ellos y con los voluntarios, algunos comparten un juego de mesa. \u201c\u00bfSab\u00e9s por qu\u00e9 vengo a este desayuno? \u2212pregunta Sergio, y sin esperar la respuesta, sigue\u2212 No vengo por el caf\u00e9 o la comida. Vengo por la gente, por la calidad de personas que hay. Siempre hay alguien, cualquiera de los chicos que vienen a ayudar, que te acaricia el alma con una palabra: te dan aliento, fuerza, te hacen que sigas adelante, que trates de avanzar un poquito m\u00e1s. Por eso vengo\u201d.[\/vc_column_text]<div class=\"grve-element grve-image grve-align-center\" style=\"margin-bottom: 5px;\">  <div class=\"grve-image-wrapper\"><img loading=\"lazy\" decoding=\"async\" width=\"879\" height=\"586\" src=\"https:\/\/ultreia.world\/medjugorje\/wp-content\/uploads\/2022\/06\/img-nota-2.jpg\" class=\"attachment-full size-full\" alt=\"\" srcset=\"https:\/\/ultreia.world\/medjugorje\/wp-content\/uploads\/2022\/06\/img-nota-2.jpg 879w, https:\/\/ultreia.world\/medjugorje\/wp-content\/uploads\/2022\/06\/img-nota-2-300x200.jpg 300w, https:\/\/ultreia.world\/medjugorje\/wp-content\/uploads\/2022\/06\/img-nota-2-768x512.jpg 768w\" sizes=\"auto, (max-width: 879px) 100vw, 879px\" \/>   <\/div><\/div>[vc_column_text css=\u00bb.vc_custom_1654823046876{padding-bottom: 25px !important;}\u00bb]Lumen Cor tiene al menos 200 voluntarios de forma permanente y asiste a m\u00e1s de 1500 personas en situaci\u00f3n de vulnerabilidad extrema; los desayunos son apenas uno de sus programas. Ricardo Pristupluk &#8211; LA NACION[\/vc_column_text][vc_column_text css=\u00bb.vc_custom_1654823124221{padding-bottom: 25px !important;}\u00bb]<\/p>\n<h3>Buscando respuestas<\/h3>\n<p>\u00bfC\u00f3mo llega una persona a pasar pr\u00e1cticamente su vida entera en situaci\u00f3n de la calle? La pobreza extrema, la exclusi\u00f3n, la vulneraci\u00f3n acumulada de los derechos m\u00e1s elementales, la falta de oportunidades, la violencia intrafamiliar y los padecimientos de salud mental sin ning\u00fan tipo de atenci\u00f3n, son solo una parte de ese complejo entramado.<\/p>\n<p>Sergio se cri\u00f3 en Moreno y es el menor de 12 hermanos. Su pap\u00e1 era maestro panadero, su mam\u00e1, ama de casa, los dos misioneros. Nunca fue al colegio. \u201cNo pod\u00edan mandarme\u201d, dice, y cuenta que en su casa sobreviv\u00edan con lo justo. Pero tambi\u00e9n admite que era bastante \u201crebelde\u201d. Cuando quisieron anotarlo en primer grado ten\u00eda sobreedad y se neg\u00f3. \u201cTiempo despu\u00e9s me di cuenta que me hubiese servido mucho para los a\u00f1os venideros. Aprend\u00ed a leer, escribir, sumar y restar por mi cuenta. S\u00e9 dividir y multiplicar. Pero no fui ni a una sola clase. Me encanta leer. Soy un lector compulsivo\u201d, asegura.<\/p>\n<p>Su mundo material se aprieta en la mochila negra que lleva siempre colgada a la espalda: una manta, un juego de s\u00e1banas, otro par de zapatillas adem\u00e1s del que tiene puesto y una muda de ropa que ese d\u00eda est\u00e1 en un lavadero. Siempre tiene, adem\u00e1s, un libro. \u201cEste lo encontr\u00e9 en un tacho de basura \u2212cuenta mostrando el t\u00edtulo de la novela Y las monta\u00f1as hablar\u00e1n\u2212 Esto es lo que no me explico de la gente: \u00bfpor qu\u00e9 alguien tira un libro? \u00bfNunca te lo preguntaste? No importa qu\u00e9 tipo de libro sea. Es ense\u00f1anza. Es cultura\u201d, se indigna Sergio.[\/vc_column_text]<div class=\"grve-element grve-image grve-align-center\" style=\"margin-bottom: 5px;\">  <div class=\"grve-image-wrapper\"><img loading=\"lazy\" decoding=\"async\" width=\"879\" height=\"586\" src=\"https:\/\/ultreia.world\/medjugorje\/wp-content\/uploads\/2022\/06\/img-nota-3.jpg\" class=\"attachment-full size-full\" alt=\"\" srcset=\"https:\/\/ultreia.world\/medjugorje\/wp-content\/uploads\/2022\/06\/img-nota-3.jpg 879w, https:\/\/ultreia.world\/medjugorje\/wp-content\/uploads\/2022\/06\/img-nota-3-300x200.jpg 300w, https:\/\/ultreia.world\/medjugorje\/wp-content\/uploads\/2022\/06\/img-nota-3-768x512.jpg 768w\" sizes=\"auto, (max-width: 879px) 100vw, 879px\" \/>   <\/div><\/div>[vc_column_text css=\u00bb.vc_custom_1654823248608{padding-bottom: 25px !important;}\u00bb]A Sergio le encanta leer y siempre lleva un libro en su mochila. Ricardo Pristupluk &#8211; LA NACION[\/vc_column_text][vc_column_text css=\u00bb.vc_custom_1654823294267{padding-bottom: 25px !important;}\u00bb]Admite que en la calle pas\u00f3 por varios momentos \u201coscuros\u201d. Muy oscuros. Pero pide no profundizar sobre eso. Duele demasiado. \u00bfQu\u00e9 fue lo que logr\u00f3 sacarlo del pozo? Con el \u00edndice golpea la tapa del ejemplar que tiene entre las manos: \u201cLos libros\u201d, responde con seguridad.<\/p>\n<p>Mucho antes de aprender a leer por su cuenta, cuando ten\u00eda 15, Sergio trabajaba ayudando a su pap\u00e1 en la panader\u00eda. Fue aprendiendo el oficio y tambi\u00e9n hizo changas de todo tipo. Antes y despu\u00e9s de eso, fue y volvi\u00f3 varias veces de la calle a la casa de sus padres. No puede explicar los motivos. \u201cCreo que trataba de buscar algo\u2026 Toda mi vida estuve en esa b\u00fasqueda y me parece que eso fue lo que me llev\u00f3 a la calle. No s\u00e9 si decir un sue\u00f1o, no creo, pero es algo que todav\u00eda no pude encontrar. Me parece que en mi cabeza algo no est\u00e1 bien: no s\u00e9 si es una enfermedad o qu\u00e9\u201d, asegura Sergio, poniendo sobre la mesa una realidad que afecta a muchas personas en situaci\u00f3n de calle: las problem\u00e1ticas de salud mental y la imposibilidad de acceder a un tratamiento.<\/p>\n<p>\u2212\u00bfTe preguntas qu\u00e9 es eso que buscas?<\/p>\n<p>\u2212Siempre. Esto te va a parecer muy loco. Una vez eran cerca de las 11.30 de la noche y estaba preparando mi lugar para dormir en N\u00fa\u00f1ez, cuando se me acerc\u00f3 una chica que deb\u00eda tener 21 o 22 a\u00f1os. Me compr\u00f3 una hamburguesa y una gaseosa, se ve que hab\u00eda pasado antes y me hab\u00eda visto. Se acerc\u00f3, me la dio y me pregunt\u00f3 c\u00f3mo me llamaba. Le dije: \u2018Me llamo Sergio\u2019. Y me respondi\u00f3: \u2018Ojal\u00e1 que sigas bien y que encuentres lo que busc\u00e1s\u2019. Esa imagen no la olvido m\u00e1s. Es como si la estuviese viendo, dici\u00e9ndome eso una y otra vez: \u2018Ojal\u00e1 que encuentres lo que buscas\u2019. No s\u00e9 si fue una coincidencia o si\u2026 No s\u00e9.<\/p>\n<h3>Organizar el d\u00eda<\/h3>\n<p>\u00bfC\u00f3mo se organiza la rutina cuando uno vive en la calle? \u00bfHay rutina? \u00bfDe qu\u00e9 forma se cuidan las pertenencias? \u00bfD\u00f3nde es posible asearse o lavar la ropa? Sergio dice que los h\u00e1bitos cotidianos son la columna vertebral del d\u00eda, la clave para sobrevivir y estar lo m\u00e1s limpio que se puede, \u201cpresentable\u201d. Tambi\u00e9n es fundamental mantener en buen estado las pocas pertenencias que se tienen. En su caso, durante mucho tiempo durmi\u00f3 en N\u00fa\u00f1ez, en la puerta de un gimnasio. Ah\u00ed ten\u00eda un colch\u00f3n, s\u00e1banas y una manta que durante el d\u00eda met\u00eda en una bolsa de consorcio para protegerlas en caso de que lloviera, y que escond\u00eda entre las ramas de un \u00e1rbol.[\/vc_column_text]<div class=\"grve-element grve-image grve-align-center\" style=\"margin-bottom: 5px;\">  <div class=\"grve-image-wrapper\"><img loading=\"lazy\" decoding=\"async\" width=\"879\" height=\"586\" src=\"https:\/\/ultreia.world\/medjugorje\/wp-content\/uploads\/2022\/06\/img-nota-4.jpg\" class=\"attachment-full size-full\" alt=\"\" srcset=\"https:\/\/ultreia.world\/medjugorje\/wp-content\/uploads\/2022\/06\/img-nota-4.jpg 879w, https:\/\/ultreia.world\/medjugorje\/wp-content\/uploads\/2022\/06\/img-nota-4-300x200.jpg 300w, https:\/\/ultreia.world\/medjugorje\/wp-content\/uploads\/2022\/06\/img-nota-4-768x512.jpg 768w\" sizes=\"auto, (max-width: 879px) 100vw, 879px\" \/>   <\/div><\/div>[vc_column_text css=\u00bb.vc_custom_1654823364553{padding-bottom: 25px !important;}\u00bb]Sergio disfruta de pasear por el parque Las Heras y la plaza junto al Bot\u00e1nico, dice que se queda varias horas ah\u00ed, leyendo entre los \u00e1rboles. Ricardo Pristupluk &#8211; LA NACION[\/vc_column_text][vc_column_text css=\u00bb.vc_custom_1654823400446{padding-bottom: 25px !important;}\u00bb]Hoy duerme sobre la Avenida Santa Fe, a pocos metros de un concurrido shopping, junto a la entrada de un edificio que est\u00e1 retirado de la esquina y, en la ochava, se forma un techo bajo en el que se resguarda. Como no hay \u00e1rboles cerca, ya no tiene colch\u00f3n, pero cuenta que se hace uno con cartones. \u201cSi me voy a acostar a las diez de la noche, a las siete empiezo a caminar para juntarlos\u201d, explica.<\/p>\n<p>A la ma\u00f1ana se levanta temprano, entre las 6 y las 6.30, y va a una estaci\u00f3n de servicio donde se higieniza. Cada dos o tres d\u00edas se afeita all\u00ed tambi\u00e9n y se ba\u00f1a casi a diario en un hotel de Once donde le cobran 200 pesos por usar una toalla, jab\u00f3n y una ducha caliente. Suele ir a desayunar a los encuentros de Lumen Cor en el Parque Las Heras o en la plaza junto al Bot\u00e1nico, mientras que, para el almuerzo y la cena, se compra algo con los pesos que junt\u00f3 o va a Barrancas de Belgrano, donde un grupo de voluntarios sirve la \u00faltima comida del d\u00eda.<\/p>\n<p>Durante la jornada, camina a ver si encuentra algo. \u201cA veces estoy todo el d\u00eda y no encuentro ni una aguja y a veces camino tres cuadras y encuentro cosas que me ayudan a no salir a caminar por una semana\u201d, asegura. Y detalla: \u201cLa gente siempre est\u00e1 dejando algo que ya no usa. Junto lo que encuentro, ropa, calzado, por ah\u00ed electrodom\u00e9sticos, y lo llevo a ferias\u201d. Menos plata, en la calle se encontr\u00f3 de todo. Lo m\u00e1s caro fue un televisor LED de 42 pulgadas que alguien hab\u00eda dejado al lado de un \u00e1rbol con un cartel que dec\u00eda \u201cfunciona\u201d. Lo vendi\u00f3 y se pag\u00f3 casi un mes de hotel.<\/p>\n<p>Dice que siempre intent\u00f3 trabajar de lo que pudo. Hace unos meses empez\u00f3 a ayudar en un lavadero de autos y en el verano tuvo una experiencia como acompa\u00f1ante de un joven con discapacidad intelectual y motriz, al que llevaba a sus actividades. El trabajo lo consigui\u00f3 a trav\u00e9s de una chica que pasaba todos los d\u00edas por el gimnasio frente al que \u00e9l dorm\u00eda.[\/vc_column_text]<div class=\"grve-element grve-image grve-align-center\" style=\"margin-bottom: 5px;\">  <div class=\"grve-image-wrapper\"><img loading=\"lazy\" decoding=\"async\" width=\"879\" height=\"586\" src=\"https:\/\/ultreia.world\/medjugorje\/wp-content\/uploads\/2022\/06\/img-nota-5.jpg\" class=\"attachment-full size-full\" alt=\"\" srcset=\"https:\/\/ultreia.world\/medjugorje\/wp-content\/uploads\/2022\/06\/img-nota-5.jpg 879w, https:\/\/ultreia.world\/medjugorje\/wp-content\/uploads\/2022\/06\/img-nota-5-300x200.jpg 300w, https:\/\/ultreia.world\/medjugorje\/wp-content\/uploads\/2022\/06\/img-nota-5-768x512.jpg 768w\" sizes=\"auto, (max-width: 879px) 100vw, 879px\" \/>   <\/div><\/div>[vc_column_text css=\u00bb.vc_custom_1654823439620{padding-bottom: 25px !important;}\u00bb]\u00bbLo que veo es que muchos sienten miedo: miedo a lo desconocido\u00bb, dice Sergio sobre la mirada hacia las personas en situaci\u00f3n de calle. Ricardo Pristupluk &#8211; LA NACION[\/vc_column_text][vc_column_text css=\u00bb.vc_custom_1654823455520{padding-bottom: 25px !important;}\u00bb]\u2212\u00bfC\u00f3mo ves la mirada de la mayor\u00eda de la gente hacia las personas en situaci\u00f3n de calle?<\/p>\n<p>\u2212Lo que veo es que muchos sienten miedo: miedo a lo desconocido. Cuando pasan y te ven, en lugar de preguntarte c\u00f3mo est\u00e1s o c\u00f3mo fue tu d\u00eda, meten la mano en el bolsillo y te quieren dar una moneda para seguir caminando. \u00bfSab\u00e9s por qu\u00e9? Para no preguntarte, para no acercarse, para no mirarte.<\/p>\n<p>La mirada que encuentra entre los voluntarios de Lumen Cor es, para Sergio, una especie de oasis en ese desierto atiborrado de desconocidos que puede ser la calle. Jorge Vega, fundador de la organizaci\u00f3n que asiste a m\u00e1s de 1500 personas y cuenta con al menos 200 voluntarios permanentes, explica que esa contenci\u00f3n que Sergio destaca forma parte de su \u201cg\u00e9nesis\u201d. \u201cCuando yo arranqu\u00e9 como voluntario 15 a\u00f1os atr\u00e1s, era uno de los primeros en estar siempre preocupado porque todos tuvieran algo para comer. Recuerdo que una noche hab\u00eda un se\u00f1or que no paraba de hablarme y a m\u00ed me pon\u00eda nervioso. En un momento lo interrump\u00ed y le dije: \u2018Bueno, aprovech\u00e1 y com\u00e9 algo\u2019. A \u00e9l no le gust\u00f3. Me dijo: \u2018Hace un rato me com\u00ed un s\u00e1ndwich en un bar, no tengo hambre\u2019 \u2212recuerda Jorge\u2212 En ese momento me di cuenta que lo que estaba poniendo yo en primer plano, que era la comida, no era lo que \u00e9l necesitaba: \u00e9l necesitaba la escucha y la contenci\u00f3n, porque la gente lo ignoraba y una de las carencias m\u00e1s grandes que ten\u00eda, m\u00e1s que lo material, era la indiferencia\u201d.<\/p>\n<p>Sin embargo, para Jorge el mayor desaf\u00edo no es solo ese acompa\u00f1amiento permanente, sino \u201cque las personas en situaci\u00f3n de calle puedan revertir esa situaci\u00f3n y que el sue\u00f1o de la reinserci\u00f3n social sea posible\u201d. Y reflexiona: \u201cCon varias lo logramos. Requiere de a\u00f1os, a veces de toda la vida, y nosotros tenemos que estar ah\u00ed siempre\u201d.<\/p>\n<p>Cuando son las 11 de la ma\u00f1ana, Sergio agarra su mochila y se prepara para salir a buscar lo que sea que ese d\u00eda le depare. Antes de irse, me mira: \u201c\u00bfViste eso que te dije que estoy buscando y no s\u00e9 todav\u00eda qu\u00e9 es? \u2212pregunta\u2212 Bueno, no s\u00e9 si alguna vez lo voy a encontrar. Pero no me doy por vencido\u201d.[\/vc_column_text][vc_column_text css=\u00bb.vc_custom_1654823616833{padding-bottom: 25px !important;}\u00bb]<\/p>\n<h3>M\u00e1s informaci\u00f3n<\/h3>\n<p>La<strong><a href=\"https:\/\/lumencor.org\/\"> Fundaci\u00f3n Lumen Cor<\/a><\/strong> tiene distintos programas para acompa\u00f1ar a personas en situaci\u00f3n de calle y vulnerabilidad extrema. Entre ellos, las \u201cMa\u00f1anas de caridad\u201d, un servicio de desayunos en espacios p\u00fablicos al aire libre. Se ofrece los 365 d\u00edas del a\u00f1o, incluyendo feriados. Adem\u00e1s, cuenta con la \u201cRed del Posadero\u201d, una iniciativa que ofrece, en varias parroquias porte\u00f1as, atenci\u00f3n profesional interdisciplinaria con m\u00e9dicos, psic\u00f3logos, abogados y acompa\u00f1antes terap\u00e9uticos. Para consultas: llamar al (+54) 9 11 2714 7078, escribir a <a href=\"mailto:fundacion@lumencor.org\">fundacion@lumencor.org<\/a> o ingresar a <strong><a class=\"com-link\" href=\"http:\/\/www.lumencor.org\/\">www.lumencor.org<\/a><\/strong> Se los puede encontrar en redes sociales, en <strong><a href=\"https:\/\/www.instagram.com\/lumen_cor\/?hl=es-la\">Instagram<\/a> <\/strong>o <strong><a href=\"https:\/\/www.facebook.com\/lumen.cor\">Facebook<\/a><\/strong>. Para hacer una donaci\u00f3n, se reciben transferencias en la cuenta con el alias LUMEN.COR.<\/p>\n<p>El <strong><a href=\"https:\/\/www.instagram.com\/elotrofrio\/?hl=es\">Otro Fr\u00edo<\/a><\/strong> es una campa\u00f1a impulsada por el Consejo Publicitario Argentina, Fundaci\u00f3n Espartanos, La Sachetera, Caminos Solidarios Argentina y Amigos en el Camino. Se propone recolectar sachets de leche o yogurt vac\u00edos, abiertos, limpios y secos en distintos puntos de la ciudad y la provincia de Buenos Aires. Los mismos ser\u00e1n llevados al penal de San Mart\u00edn donde 800 personas privadas de su libertad los recibir\u00e1n para fabricar con ellos protectores aislantes que se distribuir\u00e1n luego a personas en situaci\u00f3n de calle. La recolecci\u00f3n tendr\u00e1 lugar hasta el 6 de julio y en su <strong><a href=\"https:\/\/www.instagram.com\/elotrofrio\/?hl=es\">Instagram<\/a> <\/strong>se puede encontrar los 500 puntos de recolecci\u00f3n en puestos de diarios, kioscos, comercios, supermercados, estaciones de servicio, helader\u00edas, entre otros lugares.<\/p>\n<p><strong>POR<br \/>\nMar\u00eda Ayuso<\/strong>[\/vc_column_text][\/vc_column][\/vc_row]<\/p>\n","protected":false},"excerpt":{"rendered":"<p>[vc_row bg_type=\u00bbimage\u00bb bg_image_type=\u00bbparallax\u00bb color_overlay=\u00bbdark\u00bb opacity_overlay=\u00bb20&#8243; padding_top_multiplier=\u00bbcustom\u00bb padding_bottom_multiplier=\u00bbcustom\u00bb padding_top=\u00bb150px\u00bb padding_bottom=\u00bb100px\u00bb][vc_column][\/vc_column][\/vc_row][vc_row bg_type=\u00bbcolor\u00bb padding_bottom_multiplier=\u00bb2x\u00bb bg_color=\u00bb#f8f8f8&#8243;][vc_column][vc_column_text css=\u00bb.vc_custom_1654822494583{padding-bottom: 25px !important;}\u00bb]De las primeras noches que pas\u00f3 en la calle le qued\u00f3 la sensaci\u00f3n punzante de miedo y desconcierto. Pero, sobre todo, de ese fr\u00edo h\u00famedo de Buenos Aires calando sus huesos. Era invierno y llov\u00eda. Faltaban pocos d\u00edas para su cumplea\u00f1os, [&hellip;]<\/p>\n","protected":false},"author":4,"featured_media":0,"comment_status":"open","ping_status":"open","sticky":false,"template":"","format":"standard","meta":{"_joinchat":[],"footnotes":""},"categories":[7],"tags":[],"class_list":["post-463","post","type-post","status-publish","format-standard","hentry","category-noticias"],"yoast_head":"<!-- This site is optimized with the Yoast SEO Premium plugin v20.2.1 (Yoast SEO v20.2.1) - https:\/\/yoast.com\/wordpress\/plugins\/seo\/ -->\n<title>Vive en la calle desde los 12 a\u00f1os, nunca fue a la escuela y aprendi\u00f3 a leer solo - Ultreia World<\/title>\n<meta name=\"robots\" content=\"index, follow, max-snippet:-1, max-image-preview:large, max-video-preview:-1\" \/>\n<link rel=\"canonical\" href=\"https:\/\/ultreia.world\/medjugorje\/vive-en-la-calle-desde-los-12-anos-nunca-fue-a-la-escuela-y-aprendio-a-leer-solo\/\" \/>\n<meta property=\"og:locale\" content=\"es_ES\" \/>\n<meta property=\"og:type\" content=\"article\" \/>\n<meta property=\"og:title\" content=\"Vive en la calle desde los 12 a\u00f1os, nunca fue a la escuela y aprendi\u00f3 a leer solo\" \/>\n<meta property=\"og:description\" content=\"[vc_row bg_type=\u00bbimage\u00bb bg_image_type=\u00bbparallax\u00bb color_overlay=\u00bbdark\u00bb opacity_overlay=\u00bb20&#8243; padding_top_multiplier=\u00bbcustom\u00bb padding_bottom_multiplier=\u00bbcustom\u00bb padding_top=\u00bb150px\u00bb padding_bottom=\u00bb100px\u00bb][vc_column][\/vc_column][\/vc_row][vc_row bg_type=\u00bbcolor\u00bb padding_bottom_multiplier=\u00bb2x\u00bb bg_color=\u00bb#f8f8f8&#8243;][vc_column][vc_column_text css=\u00bb.vc_custom_1654822494583{padding-bottom: 25px !important;}\u00bb]De las primeras noches que pas\u00f3 en la calle le qued\u00f3 la sensaci\u00f3n punzante de miedo y desconcierto. Pero, sobre todo, de ese fr\u00edo h\u00famedo de Buenos Aires calando sus huesos. Era invierno y llov\u00eda. Faltaban pocos d\u00edas para su cumplea\u00f1os, [&hellip;]\" \/>\n<meta property=\"og:url\" content=\"https:\/\/ultreia.world\/medjugorje\/vive-en-la-calle-desde-los-12-anos-nunca-fue-a-la-escuela-y-aprendio-a-leer-solo\/\" \/>\n<meta property=\"og:site_name\" content=\"Ultreia World\" \/>\n<meta property=\"article:published_time\" content=\"2022-06-10T00:55:37+00:00\" \/>\n<meta property=\"article:modified_time\" content=\"2022-06-10T01:13:39+00:00\" \/>\n<meta property=\"og:image\" content=\"https:\/\/ultreia.world\/medjugorje\/wp-content\/uploads\/2023\/03\/preview.jpg\" \/>\n\t<meta property=\"og:image:width\" content=\"1200\" \/>\n\t<meta property=\"og:image:height\" content=\"675\" \/>\n\t<meta property=\"og:image:type\" content=\"image\/jpeg\" \/>\n<meta name=\"author\" content=\"Christian Henr\u00edquez\" \/>\n<meta name=\"twitter:card\" content=\"summary_large_image\" \/>\n<meta name=\"twitter:label1\" content=\"Escrito por\" \/>\n\t<meta name=\"twitter:data1\" content=\"Christian Henr\u00edquez\" \/>\n\t<meta name=\"twitter:label2\" content=\"Tiempo de lectura\" \/>\n\t<meta name=\"twitter:data2\" content=\"10 minutos\" \/>\n<script type=\"application\/ld+json\" class=\"yoast-schema-graph\">{\"@context\":\"https:\/\/schema.org\",\"@graph\":[{\"@type\":\"Article\",\"@id\":\"https:\/\/ultreia.world\/medjugorje\/vive-en-la-calle-desde-los-12-anos-nunca-fue-a-la-escuela-y-aprendio-a-leer-solo\/#article\",\"isPartOf\":{\"@id\":\"https:\/\/ultreia.world\/medjugorje\/vive-en-la-calle-desde-los-12-anos-nunca-fue-a-la-escuela-y-aprendio-a-leer-solo\/\"},\"author\":{\"name\":\"Christian Henr\u00edquez\",\"@id\":\"https:\/\/ultreia.world\/medjugorje\/#\/schema\/person\/8c346506399667bc59bdae796960e06b\"},\"headline\":\"Vive en la calle desde los 12 a\u00f1os, nunca fue a la escuela y aprendi\u00f3 a leer solo\",\"datePublished\":\"2022-06-10T00:55:37+00:00\",\"dateModified\":\"2022-06-10T01:13:39+00:00\",\"mainEntityOfPage\":{\"@id\":\"https:\/\/ultreia.world\/medjugorje\/vive-en-la-calle-desde-los-12-anos-nunca-fue-a-la-escuela-y-aprendio-a-leer-solo\/\"},\"wordCount\":2779,\"commentCount\":0,\"publisher\":{\"@id\":\"https:\/\/ultreia.world\/medjugorje\/#organization\"},\"articleSection\":[\"Noticias\"],\"inLanguage\":\"es\",\"potentialAction\":[{\"@type\":\"CommentAction\",\"name\":\"Comment\",\"target\":[\"https:\/\/ultreia.world\/medjugorje\/vive-en-la-calle-desde-los-12-anos-nunca-fue-a-la-escuela-y-aprendio-a-leer-solo\/#respond\"]}]},{\"@type\":\"WebPage\",\"@id\":\"https:\/\/ultreia.world\/medjugorje\/vive-en-la-calle-desde-los-12-anos-nunca-fue-a-la-escuela-y-aprendio-a-leer-solo\/\",\"url\":\"https:\/\/ultreia.world\/medjugorje\/vive-en-la-calle-desde-los-12-anos-nunca-fue-a-la-escuela-y-aprendio-a-leer-solo\/\",\"name\":\"Vive en la calle desde los 12 a\u00f1os, nunca fue a la escuela y aprendi\u00f3 a leer solo - Ultreia World\",\"isPartOf\":{\"@id\":\"https:\/\/ultreia.world\/medjugorje\/#website\"},\"datePublished\":\"2022-06-10T00:55:37+00:00\",\"dateModified\":\"2022-06-10T01:13:39+00:00\",\"breadcrumb\":{\"@id\":\"https:\/\/ultreia.world\/medjugorje\/vive-en-la-calle-desde-los-12-anos-nunca-fue-a-la-escuela-y-aprendio-a-leer-solo\/#breadcrumb\"},\"inLanguage\":\"es\",\"potentialAction\":[{\"@type\":\"ReadAction\",\"target\":[\"https:\/\/ultreia.world\/medjugorje\/vive-en-la-calle-desde-los-12-anos-nunca-fue-a-la-escuela-y-aprendio-a-leer-solo\/\"]}]},{\"@type\":\"BreadcrumbList\",\"@id\":\"https:\/\/ultreia.world\/medjugorje\/vive-en-la-calle-desde-los-12-anos-nunca-fue-a-la-escuela-y-aprendio-a-leer-solo\/#breadcrumb\",\"itemListElement\":[{\"@type\":\"ListItem\",\"position\":1,\"name\":\"Portada\",\"item\":\"https:\/\/ultreia.world\/medjugorje\/\"},{\"@type\":\"ListItem\",\"position\":2,\"name\":\"Vive en la calle desde los 12 a\u00f1os, nunca fue a la escuela y aprendi\u00f3 a leer solo\"}]},{\"@type\":\"WebSite\",\"@id\":\"https:\/\/ultreia.world\/medjugorje\/#website\",\"url\":\"https:\/\/ultreia.world\/medjugorje\/\",\"name\":\"Ultreia World\",\"description\":\"M\u00e1s all\u00e1 del mundo\",\"publisher\":{\"@id\":\"https:\/\/ultreia.world\/medjugorje\/#organization\"},\"potentialAction\":[{\"@type\":\"SearchAction\",\"target\":{\"@type\":\"EntryPoint\",\"urlTemplate\":\"https:\/\/ultreia.world\/medjugorje\/?s={search_term_string}\"},\"query-input\":\"required name=search_term_string\"}],\"inLanguage\":\"es\"},{\"@type\":\"Organization\",\"@id\":\"https:\/\/ultreia.world\/medjugorje\/#organization\",\"name\":\"Ultreia\",\"url\":\"https:\/\/ultreia.world\/medjugorje\/\",\"logo\":{\"@type\":\"ImageObject\",\"inLanguage\":\"es\",\"@id\":\"https:\/\/ultreia.world\/medjugorje\/#\/schema\/logo\/image\/\",\"url\":\"https:\/\/ultreia.world\/medjugorje\/wp-content\/uploads\/2022\/04\/favicon.png\",\"contentUrl\":\"https:\/\/ultreia.world\/medjugorje\/wp-content\/uploads\/2022\/04\/favicon.png\",\"width\":512,\"height\":512,\"caption\":\"Ultreia\"},\"image\":{\"@id\":\"https:\/\/ultreia.world\/medjugorje\/#\/schema\/logo\/image\/\"}},{\"@type\":\"Person\",\"@id\":\"https:\/\/ultreia.world\/medjugorje\/#\/schema\/person\/8c346506399667bc59bdae796960e06b\",\"name\":\"Christian Henr\u00edquez\",\"image\":{\"@type\":\"ImageObject\",\"inLanguage\":\"es\",\"@id\":\"https:\/\/ultreia.world\/medjugorje\/#\/schema\/person\/image\/\",\"url\":\"https:\/\/secure.gravatar.com\/avatar\/f533803017850eebc61fb61b864118a2d8c2a55777330a8c837ddccf4d68a541?s=96&d=mm&r=g\",\"contentUrl\":\"https:\/\/secure.gravatar.com\/avatar\/f533803017850eebc61fb61b864118a2d8c2a55777330a8c837ddccf4d68a541?s=96&d=mm&r=g\",\"caption\":\"Christian Henr\u00edquez\"},\"url\":\"https:\/\/ultreia.world\/medjugorje\/author\/imault\/\"}]}<\/script>\n<!-- \/ Yoast SEO Premium plugin. -->","yoast_head_json":{"title":"Vive en la calle desde los 12 a\u00f1os, nunca fue a la escuela y aprendi\u00f3 a leer solo - Ultreia World","robots":{"index":"index","follow":"follow","max-snippet":"max-snippet:-1","max-image-preview":"max-image-preview:large","max-video-preview":"max-video-preview:-1"},"canonical":"https:\/\/ultreia.world\/medjugorje\/vive-en-la-calle-desde-los-12-anos-nunca-fue-a-la-escuela-y-aprendio-a-leer-solo\/","og_locale":"es_ES","og_type":"article","og_title":"Vive en la calle desde los 12 a\u00f1os, nunca fue a la escuela y aprendi\u00f3 a leer solo","og_description":"[vc_row bg_type=\u00bbimage\u00bb bg_image_type=\u00bbparallax\u00bb color_overlay=\u00bbdark\u00bb opacity_overlay=\u00bb20&#8243; padding_top_multiplier=\u00bbcustom\u00bb padding_bottom_multiplier=\u00bbcustom\u00bb padding_top=\u00bb150px\u00bb padding_bottom=\u00bb100px\u00bb][vc_column][\/vc_column][\/vc_row][vc_row bg_type=\u00bbcolor\u00bb padding_bottom_multiplier=\u00bb2x\u00bb bg_color=\u00bb#f8f8f8&#8243;][vc_column][vc_column_text css=\u00bb.vc_custom_1654822494583{padding-bottom: 25px !important;}\u00bb]De las primeras noches que pas\u00f3 en la calle le qued\u00f3 la sensaci\u00f3n punzante de miedo y desconcierto. Pero, sobre todo, de ese fr\u00edo h\u00famedo de Buenos Aires calando sus huesos. Era invierno y llov\u00eda. Faltaban pocos d\u00edas para su cumplea\u00f1os, [&hellip;]","og_url":"https:\/\/ultreia.world\/medjugorje\/vive-en-la-calle-desde-los-12-anos-nunca-fue-a-la-escuela-y-aprendio-a-leer-solo\/","og_site_name":"Ultreia World","article_published_time":"2022-06-10T00:55:37+00:00","article_modified_time":"2022-06-10T01:13:39+00:00","og_image":[{"width":1200,"height":675,"url":"https:\/\/ultreia.world\/medjugorje\/wp-content\/uploads\/2023\/03\/preview.jpg","type":"image\/jpeg"}],"author":"Christian Henr\u00edquez","twitter_card":"summary_large_image","twitter_misc":{"Escrito por":"Christian Henr\u00edquez","Tiempo de lectura":"10 minutos"},"schema":{"@context":"https:\/\/schema.org","@graph":[{"@type":"Article","@id":"https:\/\/ultreia.world\/medjugorje\/vive-en-la-calle-desde-los-12-anos-nunca-fue-a-la-escuela-y-aprendio-a-leer-solo\/#article","isPartOf":{"@id":"https:\/\/ultreia.world\/medjugorje\/vive-en-la-calle-desde-los-12-anos-nunca-fue-a-la-escuela-y-aprendio-a-leer-solo\/"},"author":{"name":"Christian Henr\u00edquez","@id":"https:\/\/ultreia.world\/medjugorje\/#\/schema\/person\/8c346506399667bc59bdae796960e06b"},"headline":"Vive en la calle desde los 12 a\u00f1os, nunca fue a la escuela y aprendi\u00f3 a leer solo","datePublished":"2022-06-10T00:55:37+00:00","dateModified":"2022-06-10T01:13:39+00:00","mainEntityOfPage":{"@id":"https:\/\/ultreia.world\/medjugorje\/vive-en-la-calle-desde-los-12-anos-nunca-fue-a-la-escuela-y-aprendio-a-leer-solo\/"},"wordCount":2779,"commentCount":0,"publisher":{"@id":"https:\/\/ultreia.world\/medjugorje\/#organization"},"articleSection":["Noticias"],"inLanguage":"es","potentialAction":[{"@type":"CommentAction","name":"Comment","target":["https:\/\/ultreia.world\/medjugorje\/vive-en-la-calle-desde-los-12-anos-nunca-fue-a-la-escuela-y-aprendio-a-leer-solo\/#respond"]}]},{"@type":"WebPage","@id":"https:\/\/ultreia.world\/medjugorje\/vive-en-la-calle-desde-los-12-anos-nunca-fue-a-la-escuela-y-aprendio-a-leer-solo\/","url":"https:\/\/ultreia.world\/medjugorje\/vive-en-la-calle-desde-los-12-anos-nunca-fue-a-la-escuela-y-aprendio-a-leer-solo\/","name":"Vive en la calle desde los 12 a\u00f1os, nunca fue a la escuela y aprendi\u00f3 a leer solo - Ultreia World","isPartOf":{"@id":"https:\/\/ultreia.world\/medjugorje\/#website"},"datePublished":"2022-06-10T00:55:37+00:00","dateModified":"2022-06-10T01:13:39+00:00","breadcrumb":{"@id":"https:\/\/ultreia.world\/medjugorje\/vive-en-la-calle-desde-los-12-anos-nunca-fue-a-la-escuela-y-aprendio-a-leer-solo\/#breadcrumb"},"inLanguage":"es","potentialAction":[{"@type":"ReadAction","target":["https:\/\/ultreia.world\/medjugorje\/vive-en-la-calle-desde-los-12-anos-nunca-fue-a-la-escuela-y-aprendio-a-leer-solo\/"]}]},{"@type":"BreadcrumbList","@id":"https:\/\/ultreia.world\/medjugorje\/vive-en-la-calle-desde-los-12-anos-nunca-fue-a-la-escuela-y-aprendio-a-leer-solo\/#breadcrumb","itemListElement":[{"@type":"ListItem","position":1,"name":"Portada","item":"https:\/\/ultreia.world\/medjugorje\/"},{"@type":"ListItem","position":2,"name":"Vive en la calle desde los 12 a\u00f1os, nunca fue a la escuela y aprendi\u00f3 a leer solo"}]},{"@type":"WebSite","@id":"https:\/\/ultreia.world\/medjugorje\/#website","url":"https:\/\/ultreia.world\/medjugorje\/","name":"Ultreia World","description":"M\u00e1s all\u00e1 del mundo","publisher":{"@id":"https:\/\/ultreia.world\/medjugorje\/#organization"},"potentialAction":[{"@type":"SearchAction","target":{"@type":"EntryPoint","urlTemplate":"https:\/\/ultreia.world\/medjugorje\/?s={search_term_string}"},"query-input":"required name=search_term_string"}],"inLanguage":"es"},{"@type":"Organization","@id":"https:\/\/ultreia.world\/medjugorje\/#organization","name":"Ultreia","url":"https:\/\/ultreia.world\/medjugorje\/","logo":{"@type":"ImageObject","inLanguage":"es","@id":"https:\/\/ultreia.world\/medjugorje\/#\/schema\/logo\/image\/","url":"https:\/\/ultreia.world\/medjugorje\/wp-content\/uploads\/2022\/04\/favicon.png","contentUrl":"https:\/\/ultreia.world\/medjugorje\/wp-content\/uploads\/2022\/04\/favicon.png","width":512,"height":512,"caption":"Ultreia"},"image":{"@id":"https:\/\/ultreia.world\/medjugorje\/#\/schema\/logo\/image\/"}},{"@type":"Person","@id":"https:\/\/ultreia.world\/medjugorje\/#\/schema\/person\/8c346506399667bc59bdae796960e06b","name":"Christian Henr\u00edquez","image":{"@type":"ImageObject","inLanguage":"es","@id":"https:\/\/ultreia.world\/medjugorje\/#\/schema\/person\/image\/","url":"https:\/\/secure.gravatar.com\/avatar\/f533803017850eebc61fb61b864118a2d8c2a55777330a8c837ddccf4d68a541?s=96&d=mm&r=g","contentUrl":"https:\/\/secure.gravatar.com\/avatar\/f533803017850eebc61fb61b864118a2d8c2a55777330a8c837ddccf4d68a541?s=96&d=mm&r=g","caption":"Christian Henr\u00edquez"},"url":"https:\/\/ultreia.world\/medjugorje\/author\/imault\/"}]}},"_links":{"self":[{"href":"https:\/\/ultreia.world\/medjugorje\/wp-json\/wp\/v2\/posts\/463","targetHints":{"allow":["GET"]}}],"collection":[{"href":"https:\/\/ultreia.world\/medjugorje\/wp-json\/wp\/v2\/posts"}],"about":[{"href":"https:\/\/ultreia.world\/medjugorje\/wp-json\/wp\/v2\/types\/post"}],"author":[{"embeddable":true,"href":"https:\/\/ultreia.world\/medjugorje\/wp-json\/wp\/v2\/users\/4"}],"replies":[{"embeddable":true,"href":"https:\/\/ultreia.world\/medjugorje\/wp-json\/wp\/v2\/comments?post=463"}],"version-history":[{"count":16,"href":"https:\/\/ultreia.world\/medjugorje\/wp-json\/wp\/v2\/posts\/463\/revisions"}],"predecessor-version":[{"id":483,"href":"https:\/\/ultreia.world\/medjugorje\/wp-json\/wp\/v2\/posts\/463\/revisions\/483"}],"wp:attachment":[{"href":"https:\/\/ultreia.world\/medjugorje\/wp-json\/wp\/v2\/media?parent=463"}],"wp:term":[{"taxonomy":"category","embeddable":true,"href":"https:\/\/ultreia.world\/medjugorje\/wp-json\/wp\/v2\/categories?post=463"},{"taxonomy":"post_tag","embeddable":true,"href":"https:\/\/ultreia.world\/medjugorje\/wp-json\/wp\/v2\/tags?post=463"}],"curies":[{"name":"wp","href":"https:\/\/api.w.org\/{rel}","templated":true}]}}